{"id":1527,"date":"2018-12-27T12:09:59","date_gmt":"2018-12-27T11:09:59","guid":{"rendered":"https:\/\/www.fapi.info\/?p=1527"},"modified":"2018-12-27T12:14:56","modified_gmt":"2018-12-27T11:14:56","slug":"manovra-via-libera-in-senato","status":"publish","type":"post","link":"https:\/\/www.fapi.info\/?p=1527","title":{"rendered":"Manovra: via libera in Senato"},"content":{"rendered":"<p><img loading=\"lazy\" decoding=\"async\" class=\"alignnone size-medium wp-image-1528\" src=\"https:\/\/www.fapi.info\/wp-content\/uploads\/2018\/12\/senato-365x260.jpg\" alt=\"\" width=\"365\" height=\"260\" \/><\/p>\n<p>Il Senato conferma la fiducia al Governo sulla Manovra economica. Il testo approder\u00e0 in Aula a Montecitorio il 28 dicembre. Nella versione finale del provvedimento sono confermate alcune delle misure principali ma arrivano anche delle novit\u00e0.<\/p>\n<p>Viene prorogato l\u2019incentivo all\u2019occupazione nel Mezzogiorno. Viene introdotto un incentivo, in favore dei datori di lavoro privati, per l\u2019assunzione a tempo indeterminato, nel corso del 2019, di soggetti titolari di laurea magistrale o di dottorato di ricerca. Viene incrementato lo stanziamento per il finanziamento dei percorsi formativi relativi all\u2019apprendistato per la qualifica e il diploma professionale. \u00a0Viene prorogato per il 2019 il congedo obbligatorio per il padre lavoratore dipendente, elevandone la durata a cinque giorni. Per rafforzare il contrasto del fenomeno del lavoro sommerso e irregolare e la tutela della salute e della sicurezza nei luoghi di lavoro, vengono incrementate le ammende penali e le sanzioni amministrative pecuniarie previste in caso di violazioni di alcune disposizioni in materia di lavoro (per esempio quelle relative al limite di durata dell\u2019orario di lavoro, ai riposi, agli obblighi di comunicazione da parte del datore di lavoro, ecc.).<\/p>\n<p>Sotto il profilo degli interventi a sostegno delle imprese, si segnala, in primo luogo, la previsione di un rifinanziamento di 48 milioni di euro per il 2019, di 96 milioni di euro per ciascuno degli anni dal 2020-2023 e di 48 milioni di euro per il 2024. Per il sostegno all\u2019internazionalizzazione del sistema produttivo, si dispone lo stanziamento, nello stato di previsione del Ministero dello sviluppo economico (MISE), di 90 milioni per il 2019 e di 20 milioni per il 2020 per il potenziamento del Piano straordinario per la promozione del Made in Italy. \u00c8 ampliata inoltre la platea dei potenziali destinatari della misura \u00abResto al Sud\u00bb.<\/p>\n<p>Il taglio sulle pensioni d&#8217;oro (che sar\u00e0 valido dal 2019 per 5 anni) sar\u00e0 del 15% per i redditi compresi tra 100mila e 130mila euro lordi e arriver\u00e0 al 40% per quelle superiori ai 500mila euro. Arriva la nuova web tax sui servizi digitali. La nuova misura con aliquota al 3% sui ricavi dovr\u00e0 essere versata entro il mese successivo a ciascun trimestre. Per l&#8217;avvio e la realizzazione degli interventi contro il dissesto idrogeologico sono stanziati 800 milioni di euro per il 2019 e 900 mln per ciascuno degli anni 2020 e 2021.<\/p>\n","protected":false},"excerpt":{"rendered":"<p>Il Senato conferma la fiducia al Governo sulla Manovra economica. Il testo approder\u00e0 in Aula a Montecitorio il 28 dicembre. [&hellip;]<\/p>\n","protected":false},"author":2,"featured_media":1528,"comment_status":"closed","ping_status":"closed","sticky":false,"template":"","format":"standard","meta":{"_exactmetrics_skip_tracking":false,"_exactmetrics_sitenote_active":false,"_exactmetrics_sitenote_note":"","_exactmetrics_sitenote_category":0,"footnotes":""},"categories":[1],"tags":[],"class_list":["post-1527","post","type-post","status-publish","format-standard","has-post-thumbnail","hentry","category-notizie-news"],"_links":{"self":[{"href":"https:\/\/www.fapi.info\/index.php?rest_route=\/wp\/v2\/posts\/1527","targetHints":{"allow":["GET"]}}],"collection":[{"href":"https:\/\/www.fapi.info\/index.php?rest_route=\/wp\/v2\/posts"}],"about":[{"href":"https:\/\/www.fapi.info\/index.php?rest_route=\/wp\/v2\/types\/post"}],"author":[{"embeddable":true,"href":"https:\/\/www.fapi.info\/index.php?rest_route=\/wp\/v2\/users\/2"}],"replies":[{"embeddable":true,"href":"https:\/\/www.fapi.info\/index.php?rest_route=%2Fwp%2Fv2%2Fcomments&post=1527"}],"version-history":[{"count":3,"href":"https:\/\/www.fapi.info\/index.php?rest_route=\/wp\/v2\/posts\/1527\/revisions"}],"predecessor-version":[{"id":1534,"href":"https:\/\/www.fapi.info\/index.php?rest_route=\/wp\/v2\/posts\/1527\/revisions\/1534"}],"wp:featuredmedia":[{"embeddable":true,"href":"https:\/\/www.fapi.info\/index.php?rest_route=\/wp\/v2\/media\/1528"}],"wp:attachment":[{"href":"https:\/\/www.fapi.info\/index.php?rest_route=%2Fwp%2Fv2%2Fmedia&parent=1527"}],"wp:term":[{"taxonomy":"category","embeddable":true,"href":"https:\/\/www.fapi.info\/index.php?rest_route=%2Fwp%2Fv2%2Fcategories&post=1527"},{"taxonomy":"post_tag","embeddable":true,"href":"https:\/\/www.fapi.info\/index.php?rest_route=%2Fwp%2Fv2%2Ftags&post=1527"}],"curies":[{"name":"wp","href":"https:\/\/api.w.org\/{rel}","templated":true}]}}