{"id":1541,"date":"2019-01-03T13:26:02","date_gmt":"2019-01-03T12:26:02","guid":{"rendered":"https:\/\/www.fapi.info\/?p=1541"},"modified":"2019-01-03T13:26:02","modified_gmt":"2019-01-03T12:26:02","slug":"saldi-invernali-al-via","status":"publish","type":"post","link":"https:\/\/www.fapi.info\/?p=1541","title":{"rendered":"Saldi invernali al via"},"content":{"rendered":"<p><img loading=\"lazy\" decoding=\"async\" class=\"alignnone size-medium wp-image-1542\" src=\"https:\/\/www.fapi.info\/wp-content\/uploads\/2019\/01\/sal-365x260.jpg\" alt=\"\" width=\"365\" height=\"260\" \/><\/p>\n<p>E\u2019 tempo di saldi. \u00a0In Basilicata hanno preso il via il 2 gennaio, in Valle d&#8217;Aosta il 3, mentre tutte le altre regioni partiranno sabato 5 a eccezione della Sicilia, che lo far\u00e0 nel giorno dell&#8217;Epifania. I consumatori liguri sono quelli che avranno meno tempo: il 18 febbraio sar\u00e0 gi\u00e0 tutto finito. In Campania saldi fino al 2 aprile.<\/p>\n<p>Ecco le date, regione per regione.<\/p>\n<p>Abruzzo: dal 5 gennaio al 5 marzo<\/p>\n<p>Basilicata: dal 2 gennaio al primo marzo<\/p>\n<p>Calabria: dal 5 gennaio al 28 febbraio<\/p>\n<p>Campania: dal 5 gennaio al 2 aprile<\/p>\n<p>Emilia Romagna: dal 5 gennaio al 5 marzo<\/p>\n<p>Friuli Venezia Giulia: dal 5 gennaio al 31 marzo<\/p>\n<p>Lazio: dal 5 gennaio al 28 febbraio<\/p>\n<p>Liguria: dal 5 gennaio al 18 febbraio<\/p>\n<p>Lombardia: dal 5 gennaio al 5 marzo<\/p>\n<p>Marche: dal 5 gennaio al primo marzo<\/p>\n<p>Molise: dal 5 gennaio al 5 marzo<\/p>\n<p>Piemonte: dal 5 gennaio al 28 febbraio<\/p>\n<p>Puglia: dal 5 gennaio al 28 febbraio<\/p>\n<p>Sardegna: dal 5 gennaio al 5 marzo<\/p>\n<p>Sicilia: dal 6 gennaio al 15 marzo<\/p>\n<p>Toscana: dal 5 gennaio al 5 marzo<\/p>\n<p>Umbria: dal 5 gennaio al 5 marzo<\/p>\n<p>Valle d&#8217;Aosta: dal 3 gennaio al 31 marzo<\/p>\n<p>Veneto: dal 5 gennaio al 31 marzo<\/p>\n<p>Trentino Alto Adige: dal 5 gennaio al 16 febbraio<\/p>\n","protected":false},"excerpt":{"rendered":"<p>E\u2019 tempo di saldi. \u00a0In Basilicata hanno preso il via il 2 gennaio, in Valle d&#8217;Aosta il 3, mentre tutte [&hellip;]<\/p>\n","protected":false},"author":2,"featured_media":1542,"comment_status":"closed","ping_status":"closed","sticky":false,"template":"","format":"standard","meta":{"_exactmetrics_skip_tracking":false,"_exactmetrics_sitenote_active":false,"_exactmetrics_sitenote_note":"","_exactmetrics_sitenote_category":0,"footnotes":""},"categories":[1],"tags":[],"class_list":["post-1541","post","type-post","status-publish","format-standard","has-post-thumbnail","hentry","category-notizie-news"],"_links":{"self":[{"href":"https:\/\/www.fapi.info\/index.php?rest_route=\/wp\/v2\/posts\/1541","targetHints":{"allow":["GET"]}}],"collection":[{"href":"https:\/\/www.fapi.info\/index.php?rest_route=\/wp\/v2\/posts"}],"about":[{"href":"https:\/\/www.fapi.info\/index.php?rest_route=\/wp\/v2\/types\/post"}],"author":[{"embeddable":true,"href":"https:\/\/www.fapi.info\/index.php?rest_route=\/wp\/v2\/users\/2"}],"replies":[{"embeddable":true,"href":"https:\/\/www.fapi.info\/index.php?rest_route=%2Fwp%2Fv2%2Fcomments&post=1541"}],"version-history":[{"count":1,"href":"https:\/\/www.fapi.info\/index.php?rest_route=\/wp\/v2\/posts\/1541\/revisions"}],"predecessor-version":[{"id":1543,"href":"https:\/\/www.fapi.info\/index.php?rest_route=\/wp\/v2\/posts\/1541\/revisions\/1543"}],"wp:featuredmedia":[{"embeddable":true,"href":"https:\/\/www.fapi.info\/index.php?rest_route=\/wp\/v2\/media\/1542"}],"wp:attachment":[{"href":"https:\/\/www.fapi.info\/index.php?rest_route=%2Fwp%2Fv2%2Fmedia&parent=1541"}],"wp:term":[{"taxonomy":"category","embeddable":true,"href":"https:\/\/www.fapi.info\/index.php?rest_route=%2Fwp%2Fv2%2Fcategories&post=1541"},{"taxonomy":"post_tag","embeddable":true,"href":"https:\/\/www.fapi.info\/index.php?rest_route=%2Fwp%2Fv2%2Ftags&post=1541"}],"curies":[{"name":"wp","href":"https:\/\/api.w.org\/{rel}","templated":true}]}}