{"id":2155,"date":"2019-08-30T11:36:56","date_gmt":"2019-08-30T09:36:56","guid":{"rendered":"https:\/\/www.fapi.info\/?p=2155"},"modified":"2019-08-30T11:36:56","modified_gmt":"2019-08-30T09:36:56","slug":"regione-calabria-piani-locali-per-il-lavoro","status":"publish","type":"post","link":"https:\/\/www.fapi.info\/?p=2155","title":{"rendered":"Regione Calabria: Piani locali per il lavoro"},"content":{"rendered":"<p><img loading=\"lazy\" decoding=\"async\" class=\"alignnone size-medium wp-image-2156\" src=\"https:\/\/www.fapi.info\/wp-content\/uploads\/2019\/08\/logo-regione-calabria-365x260.jpg\" alt=\"\" width=\"365\" height=\"260\" \/><\/p>\n<p>Riaprono i termini per inoltrare le domande di partecipazione all\u2019avviso \u201cPiani Locali per il Lavoro\u201d per la selezione di aziende e datori di lavoro interessati e idonei ad assumere a tempo indeterminato mediante \u201cdote occupazionale\u201d una o pi\u00f9 figure professionali specializzate tra i giovani laureati gi\u00e0 individuati come destinatari dei PLL Azione 5 (voucher per la buona occupabilit\u00e0). La seconda finestra per la presentazione delle istanze partir\u00e0 dal 1 settembre e si chiuder\u00e0 il 30 settembre 2019. L\u2019intervento della Regione Calabria prevede un impegno complessivo di 820 mila euro ed intende promuovere il sostegno all\u2019occupazione delle figure professionali gi\u00e0 inserite nelle graduatorie, e il miglioramento delle performance delle aziende calabresi interessate ad integrare i propri organici. Destinatari della misura, infatti, sono i giovani laureati che si trovano nella condizione di \u201csoggetti svantaggiati o molto svantaggiati\u201d titolari della \u201cdote occupazionale\u201d, che hanno terminato positivamente il proprio Piano Individuale dei Avviamento al Lavoro (PIAL). Gli ambiti di specializzazione di tali risorse, competenti e competitive, sono strettamente legate alle specificit\u00e0 del territorio e alle esigenze del mondo produttivo calabrese spaziando tra Green Economy, Energia, Ambiente, Marketing territoriale, Consulenza aziendale, Comunicazione, Progettazione, Turismo e Cultura, Agroalimentare \/ Agricoltura, Inclusione sociale e Grafica e Multimedia. I giovani laureati, grazie anche ai Piani Locali per il Lavoro, sono gi\u00e0 avviati in un percorso che consentir\u00e0 un loro rapido e proficuo inserimento nelle dinamiche aziendali. Le imprese potranno presentare una sola domanda di contributo, pur richiedendo pi\u00f9 \u201cdoti occupazionali\u201d, per un aiuto concedibile massimo di 20 mila euro. Le spese ammissibili sono i costi lordi salariali durante un periodo massimo di 12 mesi (se lavoratore svantaggiato) o 24 mesi (se lavoratore molto svantaggiato) successivi all\u2019assunzione a tempo indeterminato (full-time o part-time). Per accedere alle agevolazioni previste le imprese dovranno presentare la domanda di partecipazione e relativi allegati tramite PEC all\u2019indirizzo: pll.selfps@pec.regione.calabria.it dal 1 settembre e si chiuder\u00e0 il 30 settembre 2019.<\/p>\n","protected":false},"excerpt":{"rendered":"<p>Riaprono i termini per inoltrare le domande di partecipazione all\u2019avviso \u201cPiani Locali per il Lavoro\u201d per la selezione di aziende [&hellip;]<\/p>\n","protected":false},"author":2,"featured_media":2156,"comment_status":"closed","ping_status":"closed","sticky":false,"template":"","format":"standard","meta":{"_exactmetrics_skip_tracking":false,"_exactmetrics_sitenote_active":false,"_exactmetrics_sitenote_note":"","_exactmetrics_sitenote_category":0,"footnotes":""},"categories":[1],"tags":[],"class_list":["post-2155","post","type-post","status-publish","format-standard","has-post-thumbnail","hentry","category-notizie-news"],"_links":{"self":[{"href":"https:\/\/www.fapi.info\/index.php?rest_route=\/wp\/v2\/posts\/2155","targetHints":{"allow":["GET"]}}],"collection":[{"href":"https:\/\/www.fapi.info\/index.php?rest_route=\/wp\/v2\/posts"}],"about":[{"href":"https:\/\/www.fapi.info\/index.php?rest_route=\/wp\/v2\/types\/post"}],"author":[{"embeddable":true,"href":"https:\/\/www.fapi.info\/index.php?rest_route=\/wp\/v2\/users\/2"}],"replies":[{"embeddable":true,"href":"https:\/\/www.fapi.info\/index.php?rest_route=%2Fwp%2Fv2%2Fcomments&post=2155"}],"version-history":[{"count":1,"href":"https:\/\/www.fapi.info\/index.php?rest_route=\/wp\/v2\/posts\/2155\/revisions"}],"predecessor-version":[{"id":2157,"href":"https:\/\/www.fapi.info\/index.php?rest_route=\/wp\/v2\/posts\/2155\/revisions\/2157"}],"wp:featuredmedia":[{"embeddable":true,"href":"https:\/\/www.fapi.info\/index.php?rest_route=\/wp\/v2\/media\/2156"}],"wp:attachment":[{"href":"https:\/\/www.fapi.info\/index.php?rest_route=%2Fwp%2Fv2%2Fmedia&parent=2155"}],"wp:term":[{"taxonomy":"category","embeddable":true,"href":"https:\/\/www.fapi.info\/index.php?rest_route=%2Fwp%2Fv2%2Fcategories&post=2155"},{"taxonomy":"post_tag","embeddable":true,"href":"https:\/\/www.fapi.info\/index.php?rest_route=%2Fwp%2Fv2%2Ftags&post=2155"}],"curies":[{"name":"wp","href":"https:\/\/api.w.org\/{rel}","templated":true}]}}